{"id":142,"date":"2018-06-29T14:02:00","date_gmt":"2018-06-29T12:02:00","guid":{"rendered":"https:\/\/www.lapagederita.com\/?p=142"},"modified":"2020-11-22T21:13:30","modified_gmt":"2020-11-22T20:13:30","slug":"les-bonheurs-de-laube-de-leon-mazzella-editions-la-table-ronde","status":"publish","type":"post","link":"https:\/\/www.lapagederita.com\/?p=142","title":{"rendered":"Les bonheurs de l&rsquo;aube de L\u00e9on Mazzella (Editions La Table Ronde)"},"content":{"rendered":"<p><span style=\"font-size: inherit; text-align: justify;\">J\u2019ai un rayon de livres \u00ab\u00a0petites perles\u00a0\u00bb dans lequel je range les livres d\u00e9couverts par hasard, peu m\u00e9diatis\u00e9s, d\u2019une beaut\u00e9 telle que l\u2019on a l\u2019impression d\u2019avoir \u00e9t\u00e9 choisi par les Dieux en \u00e9tant tomb\u00e9 dessus. J\u2019ai trouv\u00e9 celui-ci dans une bonne librairie, et c\u2019est toujours un plaisir d\u2019y retourner comme quand on a d\u00e9couvert un bout de plage d\u00e9serte et que l\u2019on conserve \u00e9go\u00efstement l\u2019adresse.&nbsp;<\/span><\/p>\n<p><!--more--><\/p>\n<div style=\"text-align: justify;\">Etant donn\u00e9 que je relis essentiellement des grands classiques ces derniers jours, je vais \u00eatre g\u00e9n\u00e9reuse et vous d\u00e9voiler une des mes plages secr\u00e8tes. Une plage sans nuisance sonore, sans constructions, tr\u00e8s peu peupl\u00e9e, ou alors d&rsquo;animaux sauvages.&nbsp;<\/div>\n<div style=\"text-align: justify;\">&nbsp;<\/div>\n<div style=\"text-align: justify;\">Un petit cadeau estival.<\/div>\n<div style=\"text-align: justify;\">&nbsp;<\/div>\n<div style=\"text-align: justify;\">Ce livre parle des aubes. Des aubes dans la savane, au milieu de la mer, dans le d\u00e9sert de Bardenas Reales, dans la steppe kazakhe. Autour d\u2019un riz aux \u00e9crevisses. Le jour se l\u00e8ve, puis surgit une fulgurante beaut\u00e9 de fa\u00e7on inattendue.&nbsp;<\/p>\n<p>Avec une \u00e9criture enlev\u00e9e, une action concentr\u00e9e, l\u2019auteur d\u00e9roule ses histoires longues comme une vie, l\u2019espace d\u2019une aube. Point de contemplation dans ce livre, mais une po\u00e9sie autour d\u2019histoires intens\u00e9ment v\u00e9cues qui se d\u00e9roulent dans des endroits fabuleux.&nbsp;<\/p>\n<\/div>\n<div style=\"text-align: justify;\">&nbsp;<\/div>\n<div style=\"text-align: justify;\">Ce sont des nouvelles qui se d\u00e9voilent \u00e0 chaque fois avec une saveur diff\u00e9rente, un regard pertinent, une attention animale \u00e0 chaque mouvement, du plus imperceptible au plus f\u00e9roce. A travers le regard fixe d\u2019un lion, le narrateur rena\u00eet. La fille du Costa Riviera, belle et lascive, ne se r\u00e9veille pas. Le passage du d\u00e9troit \u00e0 bord du Cap Falcon se resserre sous une explosion de magie. Vous allez voyager et d\u00e9couvrir ce point de bascule quand l\u2019\u0153il averti, excit\u00e9 par le contour mouvant du soleil qui surgit, d\u00e9couvre de fa\u00e7on inattendue un \u00e9merveillement unique et intense.&nbsp;<\/p>\n<p>L\u2019histoire que raconte ce livre est aux antipodes d\u2019une histoire de vie r\u00e9gl\u00e9e d\u2019homme moderne. Au lieu de se lever et d\u2019attendre qu\u2019une id\u00e9e lumineuse vienne le secouer, le narrateur se l\u00e8ve avec le soleil pour cueillir la premi\u00e8re fulgurance, la plus belle. La plus vierge. L\u2019aube de l\u2019aube. Ce livre pourrait \u00eatre un guide de voyage, pour apprendre \u00e0 saisir ce qu\u2019il y a de plus beau, seul, \u00e0 deux ou \u00e0 trois, entre gens qui savent se taire et appr\u00e9cier les aubes. C\u2019est un livre qui parle de l\u2019\u00e9ternel recommencement de la vie. De l\u2019\u00e9merveillement. Un de ces livres lumineux qui font un bien fou.<\/p>\n<p>J\u2019ai lu ce livre plusieurs fois ; et comme tout bon cru, si je le relisais encore une fois, je vous raconterais une tout autre histoire.<\/p>\n<p>Les bonheurs de l&rsquo;aube ; L\u00e9on Mazzella ; Editions La Table Ronde.<\/p>\n<p>Quelques extraits:<\/p>\n<p><i> \u00ab\u00a0Tout va commencer. Nous nous tenons \u00e0 la bonne distance. La vague, le jour, le vent, le monde, vont se lever. Nos corps assis sur les planches. Le vent d&rsquo;Est creuse la mer, de plus en plus bleue. La houle nous soul\u00e8ve comme des chevaux de bois. Nous touchons \u00e0 cette fin qui n&rsquo;est qu&rsquo;un d\u00e9but. Maintenant survient la premi\u00e8re s\u00e9rie de vagues.\u00a0\u00bb<\/i><\/p>\n<p>\u00ab\u00a0Il y avait parmi nous des voyageurs avides d&rsquo;espaces vierges, une \u00e9quipe de t\u00e9l\u00e9vision, un photographe poursuivant le clich\u00e9 unique, un gros propri\u00e9taire terrien, trois fils de bonne famille en mal d&rsquo;aventures, des brigands mongols reconvertis en gardes forestiers, deux cuisiniers chinois et des cavaliers nomades, silencieux, au regard ac\u00e9r\u00e9. Ils dorment \u00e0 l&rsquo;\u00e9cart, pr\u00e8s de leurs petits chevaux.\u00a0\u00bb<\/p>\n<p>\u00ab\u00a0Au moment pr\u00e9cis o\u00f9 notre chasseur suisse interrompit ses r\u00e9cits formidables pour boire un verre de whisky, l&rsquo;un de nos guides roumains, paysan r\u00e9duit \u00e0 l&rsquo;\u00e9coute et au silence, aux bas morceaux et \u00e0 la p\u00e9nombre, murmura dans un fran\u00e7ais impeccable : \u00ab Madame, il fait grand vent et j&rsquo;ai pris trois loups. Charles X, lettre \u00e0 sa femme. \u00bb Il inclina son visage au-dessus de son assiette vide. Il retournait au silence et \u00e0 la p\u00e9nombre. J&rsquo;applaudis une seconde.\u00a0\u00bb<\/p>\n<p><i> \u00ab\u00a0Mais la premi\u00e8re bouff\u00e9e de ce cigare mercenaire, sans marque, \u00e0 l&rsquo;heure o\u00f9 les premiers rayons de soleil caressaient notre peau, me donna l&rsquo;impression d&rsquo;aspirer un peu de l&rsquo;haleine des Dieux. Sa fum\u00e9e rejoignait les nuages. Je fermais les yeux pour mieux ressentir la combustion du bonheur.\u00a0\u00bb<\/i><\/p>\n<\/div>\n<p>&nbsp;<\/p>\n<div style=\"text-align: justify;\">&nbsp;<\/div>\n<div style=\"text-align: justify;\">&nbsp;<\/div>\n","protected":false},"excerpt":{"rendered":"<p>J\u2019ai un rayon de livres \u00ab\u00a0petites perles\u00a0\u00bb dans lequel je range les livres d\u00e9couverts par hasard, peu m\u00e9diatis\u00e9s, d\u2019une beaut\u00e9 telle que l\u2019on a l\u2019impression d\u2019avoir \u00e9t\u00e9 choisi par les Dieux en \u00e9tant tomb\u00e9 dessus. J\u2019ai trouv\u00e9 celui-ci dans une bonne librairie, et c\u2019est toujours un plaisir d\u2019y retourner comme quand on a d\u00e9couvert un &hellip; <a href=\"https:\/\/www.lapagederita.com\/?p=142\" class=\"more-link\">Continuer la lecture<span class=\"screen-reader-text\"> de &laquo;&nbsp;Les bonheurs de l&rsquo;aube de L\u00e9on Mazzella (Editions La Table Ronde)&nbsp;&raquo;<\/span><\/a><\/p>\n","protected":false},"author":1,"featured_media":0,"comment_status":"open","ping_status":"open","sticky":false,"template":"","format":"standard","meta":{"footnotes":""},"categories":[32,6],"tags":[],"class_list":["post-142","post","type-post","status-publish","format-standard","hentry","category-editions-la-table-ronde","category-livres-lus"],"_links":{"self":[{"href":"https:\/\/www.lapagederita.com\/index.php?rest_route=\/wp\/v2\/posts\/142"}],"collection":[{"href":"https:\/\/www.lapagederita.com\/index.php?rest_route=\/wp\/v2\/posts"}],"about":[{"href":"https:\/\/www.lapagederita.com\/index.php?rest_route=\/wp\/v2\/types\/post"}],"author":[{"embeddable":true,"href":"https:\/\/www.lapagederita.com\/index.php?rest_route=\/wp\/v2\/users\/1"}],"replies":[{"embeddable":true,"href":"https:\/\/www.lapagederita.com\/index.php?rest_route=%2Fwp%2Fv2%2Fcomments&post=142"}],"version-history":[{"count":1,"href":"https:\/\/www.lapagederita.com\/index.php?rest_route=\/wp\/v2\/posts\/142\/revisions"}],"predecessor-version":[{"id":397,"href":"https:\/\/www.lapagederita.com\/index.php?rest_route=\/wp\/v2\/posts\/142\/revisions\/397"}],"wp:attachment":[{"href":"https:\/\/www.lapagederita.com\/index.php?rest_route=%2Fwp%2Fv2%2Fmedia&parent=142"}],"wp:term":[{"taxonomy":"category","embeddable":true,"href":"https:\/\/www.lapagederita.com\/index.php?rest_route=%2Fwp%2Fv2%2Fcategories&post=142"},{"taxonomy":"post_tag","embeddable":true,"href":"https:\/\/www.lapagederita.com\/index.php?rest_route=%2Fwp%2Fv2%2Ftags&post=142"}],"curies":[{"name":"wp","href":"https:\/\/api.w.org\/{rel}","templated":true}]}}